{"id":361,"date":"2026-03-03T08:44:00","date_gmt":"2026-03-03T08:44:00","guid":{"rendered":"https:\/\/orewvademecum.pl\/?p=361"},"modified":"2026-03-17T11:32:57","modified_gmt":"2026-03-17T11:32:57","slug":"zapisy-do-orew-na-rok-szkolny-2025-26","status":"publish","type":"post","link":"https:\/\/orewvademecum.pl\/index.php\/2026\/03\/03\/zapisy-do-orew-na-rok-szkolny-2025-26\/","title":{"rendered":"Zapisy do OREW na rok szkolny 2026\/27"},"content":{"rendered":"\t\t<div data-elementor-type=\"wp-post\" data-elementor-id=\"361\" class=\"elementor elementor-361\">\n\t\t\t\t<div class=\"elementor-element elementor-element-8408c7c e-flex e-con-boxed e-con e-parent\" data-id=\"8408c7c\" data-element_type=\"container\">\n\t\t\t\t\t<div class=\"e-con-inner\">\n\t\t\t\t<div class=\"elementor-element elementor-element-707deda elementor-widget elementor-widget-spacer\" data-id=\"707deda\" data-element_type=\"widget\" data-widget_type=\"spacer.default\">\n\t\t\t\t<div class=\"elementor-widget-container\">\n\t\t\t<style>\/*! elementor - v3.21.0 - 08-05-2024 *\/\n.elementor-column .elementor-spacer-inner{height:var(--spacer-size)}.e-con{--container-widget-width:100%}.e-con-inner>.elementor-widget-spacer,.e-con>.elementor-widget-spacer{width:var(--container-widget-width,var(--spacer-size));--align-self:var(--container-widget-align-self,initial);--flex-shrink:0}.e-con-inner>.elementor-widget-spacer>.elementor-widget-container,.e-con>.elementor-widget-spacer>.elementor-widget-container{height:100%;width:100%}.e-con-inner>.elementor-widget-spacer>.elementor-widget-container>.elementor-spacer,.e-con>.elementor-widget-spacer>.elementor-widget-container>.elementor-spacer{height:100%}.e-con-inner>.elementor-widget-spacer>.elementor-widget-container>.elementor-spacer>.elementor-spacer-inner,.e-con>.elementor-widget-spacer>.elementor-widget-container>.elementor-spacer>.elementor-spacer-inner{height:var(--container-widget-height,var(--spacer-size))}.e-con-inner>.elementor-widget-spacer.elementor-widget-empty,.e-con>.elementor-widget-spacer.elementor-widget-empty{position:relative;min-height:22px;min-width:22px}.e-con-inner>.elementor-widget-spacer.elementor-widget-empty .elementor-widget-empty-icon,.e-con>.elementor-widget-spacer.elementor-widget-empty .elementor-widget-empty-icon{position:absolute;top:0;bottom:0;left:0;right:0;margin:auto;padding:0;width:22px;height:22px}<\/style>\t\t<div class=\"elementor-spacer\">\n\t\t\t<div class=\"elementor-spacer-inner\"><\/div>\n\t\t<\/div>\n\t\t\t\t<\/div>\n\t\t\t\t<\/div>\n\t\t\t\t<div class=\"elementor-element elementor-element-da986b4 elementor-widget elementor-widget-text-editor\" data-id=\"da986b4\" data-element_type=\"widget\" data-widget_type=\"text-editor.default\">\n\t\t\t\t<div class=\"elementor-widget-container\">\n\t\t\t<style>\/*! elementor - v3.21.0 - 08-05-2024 *\/\n.elementor-widget-text-editor.elementor-drop-cap-view-stacked .elementor-drop-cap{background-color:#69727d;color:#fff}.elementor-widget-text-editor.elementor-drop-cap-view-framed .elementor-drop-cap{color:#69727d;border:3px solid;background-color:transparent}.elementor-widget-text-editor:not(.elementor-drop-cap-view-default) .elementor-drop-cap{margin-top:8px}.elementor-widget-text-editor:not(.elementor-drop-cap-view-default) .elementor-drop-cap-letter{width:1em;height:1em}.elementor-widget-text-editor .elementor-drop-cap{float:left;text-align:center;line-height:1;font-size:50px}.elementor-widget-text-editor .elementor-drop-cap-letter{display:inline-block}<\/style>\t\t\t\t<h5>Zapisy do OREW na nowy rok szkolny<\/h5><p>Z rado\u015bci\u0105 og\u0142aszamy rozpocz\u0119cie zapis\u00f3w do naszego O\u015brodka Rehabilitacyjno-Edukacyjno-Wychowawczego (OREW)! Jeste\u015bmy tutaj, \u017ceby wspiera\u0107 dzieci z wczesn\u0105 niepe\u0142nosprawno\u015bci\u0105 w ich codziennym rozwoju, edukacji oraz rehabilitacji.<\/p><h5>Dlaczego warto wybra\u0107 OREW Vade Mecum?<\/h5><p>Bo jest to miejsce, w kt\u00f3rym troska o indywidualne potrzeby ka\u017cdego dziecka jest fundamentem naszej pracy.<\/p><h5>Oferujemy:<\/h5><p><span style=\"text-decoration: underline;\">Indywidualne podej\u015bcie terapeutyczne<\/span> \u2013 ka\u017cdy podopieczny otrzymuje wsparcie dostosowane do swoich mo\u017cliwo\u015bci i potrzeb.<\/p><p><span style=\"text-decoration: underline;\">Specjalistyczne terapie<\/span> \u2013 w tym rehabilitacja ruchowa, terapia widzenia, terapia karmienia, zaj\u0119cia logopedyczne, oraz integracja sensoryczna i inne.<\/p><p><span style=\"text-decoration: underline;\">Profesjonalny zesp\u00f3\u0142<\/span> \u2013 wykwalifikowani terapeuci, pedagodzy i rehabilitanci, kt\u00f3rzy z pasj\u0105 pomagaj\u0105 dzieciom i ich rodzinom.<\/p><p><span style=\"text-decoration: underline;\">Nowoczesne zaplecze terapeutyczne<\/span> \u2013 dysponujemy specjalistycznym sprz\u0119tem, kt\u00f3ry wspiera skuteczno\u015b\u0107 terapii.<\/p><p>Nasze motto: <strong>\u201eJeste\u015bmy tu, by dziecko by\u0142o szcz\u0119\u015bliwe\u201d<\/strong>, realizujemy poprzez przyjazn\u0105 atmosfer\u0119 \u2013 nasze o\u015brodek to przestrze\u0144 pe\u0142na ciep\u0142a, akceptacji i wzajemnego zrozumienia.<\/p><h5>Dla kogo jest OREW?<\/h5><p>Zapraszamy dzieci z niepe\u0142nosprawno\u015bci\u0105 sprz\u0119\u017con\u0105, lub niepe\u0142nosprawno\u015bci\u0105 g\u0142\u0119bok\u0105, kt\u00f3re potrzebuj\u0105 kompleksowego wsparcia w rozwoju fizycznym, emocjonalnym, spo\u0142ecznym i edukacyjnym. Przyjmujemy osoby z r\u00f3\u017cnego rodzaju niepe\u0142nosprawno\u015bciami, w tym ruchowymi, intelektualnymi czy z\u0142o\u017conymi trudno\u015bciami zdrowotnymi.<\/p><h5>Jak si\u0119 zapisa\u0107?<\/h5><p>Zapisy prowadzimy w prosty i przyjazny spos\u00f3b:<\/p><p><strong>Krok 1<\/strong>: Kontakt z nami Skontaktuj si\u0119 z nami telefonicznie lub mailowo, aby uzyska\u0107 szczeg\u00f3\u0142owe informacje na temat procesu rekrutacji.<\/p><p><strong>Krok 2<\/strong>: Spotkanie informacyjne Zapraszamy rodzic\u00f3w oraz opiekun\u00f3w na spotkanie z naszym zespo\u0142em, podczas kt\u00f3rego om\u00f3wimy potrzeby dziecka i przedstawimy nasz\u0105 ofert\u0119.<\/p><p><strong>Krok 3<\/strong>: Wype\u0142nienie dokument\u00f3w.<\/p><p>Po spotkaniu pomo\u017cemy wype\u0142ni\u0107 wszystkie niezb\u0119dne dokumenty, aby proces rekrutacji przebieg\u0142 sprawnie i bezproblemowo.<\/p><p><strong>Krok 4<\/strong>: Rozpocz\u0119cie wsp\u00f3\u0142pracy.<\/p><p>Po zako\u0144czeniu formalno\u015bci z rado\u015bci\u0105 przywitamy Twoje dziecko w naszym o\u015brodku!<\/p><p><span style=\"text-decoration: underline;\">Zapisy na rok szkolny 2026\/27 trwaj\u0105<\/span>. Liczba miejsc jest ograniczona, dlatego zach\u0119camy do jak najszybszego zg\u0142oszenia si\u0119.<\/p><p><strong>Skontaktuj si\u0119 z nami!<\/strong><\/p><p>Ch\u0119tnie odpowiemy na wszystkie pytania i pomo\u017cemy w procesie rekrutacji.<\/p><p><span style=\"text-decoration: underline;\">Telefon:<\/span><br \/>dyrektor O\u015brodka &#8211; 501 485 603<\/p><p><span style=\"text-decoration: underline;\">E-mail:<\/span> kontakt@orewvademecum.pl<\/p><p><span style=\"text-decoration: underline;\">Adres:<\/span><br \/>ul. Ks. Prymasa Stefana Wyszy\u0144skiego 13a, 62-200 Gniezno<\/p><p>Do\u0142\u0105cz do naszej spo\u0142eczno\u015bci i razem tw\u00f3rzmy przestrze\u0144, w kt\u00f3rej ka\u017cde dziecko mo\u017ce si\u0119 rozwija\u0107 i osi\u0105ga\u0107 swoje cele. Czekamy na Ciebie z rado\u015bci\u0105 otwartym sercem!<\/p><p>Jeste\u015bmy tu, by dziecko by\u0142o szcz\u0119\u015bliwe!<\/p>\t\t\t\t\t\t<\/div>\n\t\t\t\t<\/div>\n\t\t\t\t<div class=\"elementor-element elementor-element-37b4e10 elementor-widget elementor-widget-text-editor\" data-id=\"37b4e10\" data-element_type=\"widget\" data-widget_type=\"text-editor.default\">\n\t\t\t\t<div class=\"elementor-widget-container\">\n\t\t\t\t\t\t\t<p><strong>Formularz kontaktowy<\/strong><\/p>\t\t\t\t\t\t<\/div>\n\t\t\t\t<\/div>\n\t\t\t\t<div class=\"elementor-element elementor-element-1ec11d7 elementor-widget elementor-widget-spacer\" data-id=\"1ec11d7\" data-element_type=\"widget\" data-widget_type=\"spacer.default\">\n\t\t\t\t<div class=\"elementor-widget-container\">\n\t\t\t\t\t<div class=\"elementor-spacer\">\n\t\t\t<div class=\"elementor-spacer-inner\"><\/div>\n\t\t<\/div>\n\t\t\t\t<\/div>\n\t\t\t\t<\/div>\n\t\t\t\t\t<\/div>\n\t\t\t\t<\/div>\n\t\t<div class=\"elementor-element elementor-element-08fd4d7 e-flex e-con-boxed e-con e-parent\" data-id=\"08fd4d7\" data-element_type=\"container\">\n\t\t\t\t\t<div class=\"e-con-inner\">\n\t\t\t\t<div class=\"elementor-element elementor-element-fb693d8 elementor-widget elementor-widget-shortcode\" data-id=\"fb693d8\" data-element_type=\"widget\" data-widget_type=\"shortcode.default\">\n\t\t\t\t<div class=\"elementor-widget-container\">\n\t\t\t\t\t<div class=\"elementor-shortcode\">\n<div class=\"wpcf7 no-js\" id=\"wpcf7-f385-o1\" lang=\"pl-PL\" dir=\"ltr\" data-wpcf7-id=\"385\">\n<div class=\"screen-reader-response\"><p role=\"status\" aria-live=\"polite\" aria-atomic=\"true\"><\/p> <ul><\/ul><\/div>\n<form action=\"\/index.php\/wp-json\/wp\/v2\/posts\/361#wpcf7-f385-o1\" method=\"post\" class=\"wpcf7-form init\" aria-label=\"Formularz kontaktowy\" novalidate=\"novalidate\" data-status=\"init\">\n<div style=\"display: none;\">\n<input type=\"hidden\" name=\"_wpcf7\" value=\"385\" \/>\n<input type=\"hidden\" name=\"_wpcf7_version\" value=\"6.0.3\" \/>\n<input type=\"hidden\" name=\"_wpcf7_locale\" value=\"pl_PL\" \/>\n<input type=\"hidden\" name=\"_wpcf7_unit_tag\" value=\"wpcf7-f385-o1\" \/>\n<input type=\"hidden\" name=\"_wpcf7_container_post\" value=\"0\" \/>\n<input type=\"hidden\" name=\"_wpcf7_posted_data_hash\" value=\"\" \/>\n<\/div>\n<p><label> Twoje imi\u0119 i nazwisko<br \/>\n<span class=\"wpcf7-form-control-wrap\" data-name=\"your-name\"><input size=\"40\" maxlength=\"400\" class=\"wpcf7-form-control wpcf7-text wpcf7-validates-as-required\" autocomplete=\"name\" aria-required=\"true\" aria-invalid=\"false\" value=\"\" type=\"text\" name=\"your-name\" \/><\/span> <\/label>\n<\/p>\n<p><label> Tw\u00f3j adres e-mail<br \/>\n<span class=\"wpcf7-form-control-wrap\" data-name=\"your-email\"><input size=\"40\" maxlength=\"400\" class=\"wpcf7-form-control wpcf7-email wpcf7-validates-as-required wpcf7-text wpcf7-validates-as-email\" autocomplete=\"email\" aria-required=\"true\" aria-invalid=\"false\" value=\"\" type=\"email\" name=\"your-email\" \/><\/span> <\/label>\n<\/p>\n<p><label> Temat<br \/>\n<span class=\"wpcf7-form-control-wrap\" data-name=\"your-subject\"><input size=\"40\" maxlength=\"400\" class=\"wpcf7-form-control wpcf7-text wpcf7-validates-as-required\" aria-required=\"true\" aria-invalid=\"false\" value=\"\" type=\"text\" name=\"your-subject\" \/><\/span> <\/label>\n<\/p>\n<p><label> Twoja wiadomo\u015bci<br \/>\n<span class=\"wpcf7-form-control-wrap\" data-name=\"your-message\"><textarea cols=\"40\" rows=\"10\" maxlength=\"2000\" class=\"wpcf7-form-control wpcf7-textarea\" aria-invalid=\"false\" name=\"your-message\"><\/textarea><\/span> <\/label>\n<\/p>\n<p><input class=\"wpcf7-form-control wpcf7-submit has-spinner\" type=\"submit\" value=\"Wy\u015blij\" \/>\n<\/p><div class=\"wpcf7-response-output\" aria-hidden=\"true\"><\/div>\n<\/form>\n<\/div>\n<\/div>\n\t\t\t\t<\/div>\n\t\t\t\t<\/div>\n\t\t\t\t\t<\/div>\n\t\t\t\t<\/div>\n\t\t\t\t<\/div>\n\t\t","protected":false},"excerpt":{"rendered":"<p>Zapisy do OREW na nowy rok szkolny Z rado\u015bci\u0105 og\u0142aszamy rozpocz\u0119cie zapis\u00f3w do naszego O\u015brodka Rehabilitacyjno-Edukacyjno-Wychowawczego (OREW)! Jeste\u015bmy tutaj, \u017ceby wspiera\u0107 dzieci z wczesn\u0105 niepe\u0142nosprawno\u015bci\u0105 w ich codziennym rozwoju, edukacji oraz rehabilitacji. Dlaczego warto wybra\u0107 OREW Vade Mecum? Bo jest to miejsce, w kt\u00f3rym troska o indywidualne potrzeby ka\u017cdego dziecka jest fundamentem naszej pracy. Oferujemy:&#8230;<\/p>\n","protected":false},"author":1,"featured_media":227,"comment_status":"closed","ping_status":"open","sticky":false,"template":"","format":"standard","meta":{"_kadence_starter_templates_imported_post":false,"_kad_post_transparent":"","_kad_post_title":"","_kad_post_layout":"","_kad_post_sidebar_id":"","_kad_post_content_style":"","_kad_post_vertical_padding":"","_kad_post_feature":"","_kad_post_feature_position":"","_kad_post_header":false,"_kad_post_footer":false,"footnotes":""},"categories":[],"tags":[],"class_list":["post-361","post","type-post","status-publish","format-standard","has-post-thumbnail","hentry"],"_links":{"self":[{"href":"https:\/\/orewvademecum.pl\/index.php\/wp-json\/wp\/v2\/posts\/361","targetHints":{"allow":["GET"]}}],"collection":[{"href":"https:\/\/orewvademecum.pl\/index.php\/wp-json\/wp\/v2\/posts"}],"about":[{"href":"https:\/\/orewvademecum.pl\/index.php\/wp-json\/wp\/v2\/types\/post"}],"author":[{"embeddable":true,"href":"https:\/\/orewvademecum.pl\/index.php\/wp-json\/wp\/v2\/users\/1"}],"replies":[{"embeddable":true,"href":"https:\/\/orewvademecum.pl\/index.php\/wp-json\/wp\/v2\/comments?post=361"}],"version-history":[{"count":18,"href":"https:\/\/orewvademecum.pl\/index.php\/wp-json\/wp\/v2\/posts\/361\/revisions"}],"predecessor-version":[{"id":431,"href":"https:\/\/orewvademecum.pl\/index.php\/wp-json\/wp\/v2\/posts\/361\/revisions\/431"}],"wp:featuredmedia":[{"embeddable":true,"href":"https:\/\/orewvademecum.pl\/index.php\/wp-json\/wp\/v2\/media\/227"}],"wp:attachment":[{"href":"https:\/\/orewvademecum.pl\/index.php\/wp-json\/wp\/v2\/media?parent=361"}],"wp:term":[{"taxonomy":"category","embeddable":true,"href":"https:\/\/orewvademecum.pl\/index.php\/wp-json\/wp\/v2\/categories?post=361"},{"taxonomy":"post_tag","embeddable":true,"href":"https:\/\/orewvademecum.pl\/index.php\/wp-json\/wp\/v2\/tags?post=361"}],"curies":[{"name":"wp","href":"https:\/\/api.w.org\/{rel}","templated":true}]}}